[{"@context":"https:\/\/schema.org\/","@type":"Article","@id":"https:\/\/www.lestr.cz\/novy-interier\/#Article","mainEntityOfPage":"https:\/\/www.lestr.cz\/novy-interier\/","headline":"Nov\u00fd interi\u00e9r","name":"Nov\u00fd interi\u00e9r","description":"Pokud tak\u00e9 bydl\u00edte v byt\u011b anebo v dom\u011b, tak si m\u016f\u017eete tak\u00e9 sehnat n\u011bjak\u00e9ho interi\u00e9rov\u00e9ho design\u00e9ra, proto\u017ee m\u011b u\u017e st\u00e1le nebav\u00ed vym\u00fd\u0161let, jak upravit n\u00e1\u0161&hellip;","datePublished":"2024-08-10","dateModified":"2024-08-10","author":{"@type":"Person","@id":"https:\/\/www.lestr.cz\/author\/#Person","name":"","url":"https:\/\/www.lestr.cz\/author\/","identifier":1,"image":{"@type":"ImageObject","@id":"https:\/\/secure.gravatar.com\/avatar\/c3c8c755425dd2471c09c708679d7ce7419edeb32b4db4bfbe1377eb9462fa49?s=96&d=mm&r=g","url":"https:\/\/secure.gravatar.com\/avatar\/c3c8c755425dd2471c09c708679d7ce7419edeb32b4db4bfbe1377eb9462fa49?s=96&d=mm&r=g","height":96,"width":96}},"publisher":{"@type":"Organization","name":"lestr.cz","logo":{"@type":"ImageObject","@id":"\/logo.png","url":"\/logo.png","width":600,"height":60}},"image":{"@type":"ImageObject","@id":"https:\/\/www.lestr.cz\/wp-content\/uploads\/woman-2245729_1280.jpg","url":"https:\/\/www.lestr.cz\/wp-content\/uploads\/woman-2245729_1280.jpg","height":0,"width":0},"url":"https:\/\/www.lestr.cz\/novy-interier\/","about":["Byt"],"wordCount":413,"articleBody":"   Pokud tak\u00e9 bydl\u00edte v byt\u011b anebo v dom\u011b, tak si m\u016f\u017eete tak\u00e9 sehnat n\u011bjak\u00e9ho interi\u00e9rov\u00e9ho design\u00e9ra, proto\u017ee m\u011b u\u017e st\u00e1le nebav\u00ed vym\u00fd\u0161let, jak upravit n\u00e1\u0161 interi\u00e9r. J\u00e1 sama jsem se pod\u00edvala na webov\u00e9 str\u00e1nky evalofa.com, kter\u00e9 mi byly doporu\u010deny, a pr\u00e1v\u011b mi je doporu\u010dila moje kamar\u00e1dka. Je tam pr\u00fd velice obl\u00edben\u00fd a \u0161ikovn\u00fd interi\u00e9rov\u00fd design\u00e9r z Prahy. Tak o tomhle jsem je\u0161t\u011b nesly\u0161ela. \u017de bych si opravdu pozvala n\u011bjak\u00e9ho pra\u017esk\u00e9ho interi\u00e9rov\u00e9ho design\u00e9ra. O tom je\u0161t\u011b pop\u0159em\u00fd\u0161l\u00edm. Kdy\u017e to ale tak vlastn\u011b vezmu, tak pro\u010d bych si nemohla pronajmout anebo najmout n\u011bjak\u00e9ho interi\u00e9rov\u00e9ho design\u00e9ra?On vlastn\u011b m\u016fj interi\u00e9r n\u011bjak rozsv\u00edt\u00ed n\u011bjak \u00fapln\u011b zlep\u0161\u00ed. Kdy\u017e jsem \u0159ekla partnerovi, jestli by opravdu tak\u00e9 nesouhlasil s t\u00edm, \u017ee bychom si vzali interi\u00e9rov\u00e9ho design\u00e9ra, tak na\u0161t\u011bst\u00ed souhlasil. Mus\u00edm ale uznat, \u017ee jsem byla opravdu hodn\u011b p\u0159ekvapen\u00e1. Proto\u017ee m\u016fj partner chce hodn\u011b \u0161et\u0159it. M\u016fj partner \u0161et\u0159\u00ed na fas\u00e1du a tak\u00e9 na automobil. Ale \u0159ekla jsem, \u017ee kdy\u017e vlastn\u011b \u0161et\u0159\u00ed na fas\u00e1du, tak to znamen\u00e1, \u017ee chce, aby to u n\u00e1s doma bylo p\u011bkn\u00e9. A my interi\u00e9r nem\u00e1me zm\u011bny u\u017e n\u011bkolik let, mo\u017en\u00e1 tak deset nebo dvan\u00e1ct let. A tak pro\u010d bychom si nevzali n\u011bjak\u00e9ho interi\u00e9rov\u00e9ho design\u00e9ra z Prahy?Pro\u010d to nevyzkou\u0161et za to nic ned\u00e1me. J\u00e1 si mysl\u00edm, \u017ee ka\u017ed\u00fd \u010dlov\u011bk by asi n\u011bkdy cht\u011bl vyu\u017e\u00edt slu\u017eeb n\u011bjak\u00e9ho kvalitn\u00edho interi\u00e9rov\u00e9ho design\u00e9ra. Ani nemus\u00ed b\u00fdt z Prahy. Ale t\u0159eba ka\u017ed\u00e9ho \u010dlov\u011bka to l\u00e1k\u00e1. N\u011bkdo si ale mysl\u00ed, tedy sp\u00ed\u0161e mnoho lid\u00ed si mysl\u00ed, \u017ee design\u00e9\u0159i jsou velice draz\u00ed, \u017ee architekti a design\u00e9\u0159i seberou spoustu pen\u011bz. Jenom\u017ee tohle nen\u00ed tak \u00fapln\u011b pravda, mus\u00edte si naj\u00edt n\u011bjak\u00e9ho design\u00e9ra anebo n\u00e1vrh\u00e1\u0159e, kter\u00fd v\u00e1m n\u011bco ud\u011bl\u00e1 za ni\u017e\u0161\u00ed cenu. T\u0159eba si klidn\u011b po\u010dkejte na n\u011bjakou akci. Nebo se pod\u00edvejte na zm\u00edn\u011bn\u00e9 webov\u00e9 str\u00e1nky a \u010dekejte, a\u017e tam bude n\u011bjak\u00e1 sleva anebo dal\u0161\u00ed zm\u00edn\u011bn\u00e1 akce.                                                                                                                                                                                                                                                                                                                                                                                           4.1\/5 - (9 votes)        "},{"@context":"https:\/\/schema.org\/","@type":"BreadcrumbList","itemListElement":[{"@type":"ListItem","position":1,"name":"Nov\u00fd interi\u00e9r","item":"https:\/\/www.lestr.cz\/novy-interier\/#breadcrumbitem"}]}]